{"id":1,"date":"2020-04-03T23:43:29","date_gmt":"2020-04-04T02:43:29","guid":{"rendered":"https:\/\/modanaweb.com.br\/site\/?p=1"},"modified":"2020-06-30T16:27:09","modified_gmt":"2020-06-30T19:27:09","slug":"vestidos-no-inverno","status":"publish","type":"post","link":"https:\/\/www.modanaweb.com.br\/site\/vestidos-no-inverno\/","title":{"rendered":"Vestidos no inverno: saiba como fazer sobreposi\u00e7\u00f5es"},"content":{"rendered":"\t\t<div data-elementor-type=\"wp-post\" data-elementor-id=\"1\" class=\"elementor elementor-1\" data-elementor-settings=\"[]\">\n\t\t\t\t\t\t<div class=\"elementor-inner\">\n\t\t\t\t\t\t\t<div class=\"elementor-section-wrap\">\n\t\t\t\t\t\t\t<section class=\"elementor-section elementor-top-section elementor-element elementor-element-688e42e2 elementor-section-boxed elementor-section-height-default elementor-section-height-default\" data-id=\"688e42e2\" data-element_type=\"section\">\n\t\t\t\t\t\t<div class=\"elementor-container elementor-column-gap-default\">\n\t\t\t\t\t\t\t<div class=\"elementor-row\">\n\t\t\t\t\t<div class=\"elementor-column elementor-col-100 elementor-top-column elementor-element elementor-element-2915cdec\" data-id=\"2915cdec\" data-element_type=\"column\">\n\t\t\t<div class=\"elementor-column-wrap elementor-element-populated\">\n\t\t\t\t\t\t\t<div class=\"elementor-widget-wrap\">\n\t\t\t\t\t\t<div class=\"elementor-element elementor-element-157b877d elementor-widget elementor-widget-text-editor\" data-id=\"157b877d\" data-element_type=\"widget\" data-widget_type=\"text-editor.default\">\n\t\t\t\t<div class=\"elementor-widget-container\">\n\t\t\t\t\t\t\t\t<div class=\"elementor-text-editor elementor-clearfix\">\n\t\t\t\t<p><!-- wp:paragraph --><\/p>\n<p>Voc\u00ea acha que vestidos t\u00eam muita utilidade? Ou s\u00e3o s\u00f3 mais uma pe\u00e7a principal que \u00e9 dif\u00edcil de usar pois s\u00e3o feitos para ocasi\u00f5es espec\u00edficas? Algumas pessoas diriam que \u201cusar vestido n\u00e3o faz o meu estilo\u201d; mas esse post foi criado para mudar esse pensamento! Vamos te mostrar como um vestido pode ser mais vers\u00e1til do que se imagina e dar alguns exemplos de como usar o m\u00e1ximo potencial da pe\u00e7a queridinha do inverno.<\/p>\n<p>Imagine uma situa\u00e7\u00e3o em que voc\u00ea est\u00e1 sem blusas limpas, por exemplo em uma viagem, mas l\u00e1 est\u00e1 o seu vestido pronto para usar em um dia frio. Ser\u00e1 que voc\u00ea usaria? Vestidos e dias frios podem n\u00e3o combinar muito, entretanto, com uma boa composi\u00e7\u00e3o de pe\u00e7as voc\u00ea vai se manter estilosa e bem quentinha! Veja os exemplos que separamos.<\/p>\n<h5><strong>Uso convencional de vestidos longos<\/strong><\/h5>\n<p>J\u00e1 ta no papo n\u00e9? Esse tipo de vestido \u00e9 feito para descomplicar a nossa vida! Ent\u00e3o, jogando algumas pe\u00e7as complementares e um sapato de inverno, n\u00e3o tem erro! Para quem ainda se preocupa se vai sentir frio, indicamos usar com uma blusa segunda pele por baixo para garantir.<\/p>\n<p><img decoding=\"async\" loading=\"lazy\" class=\"aligncenter wp-image-1678\" src=\"https:\/\/modanaweb.com.br\/site\/wp-content\/uploads\/2020\/04\/Sem-t\u00edtulo-1-300x140.jpg\" alt=\"Vestidos longos\" width=\"358\" height=\"167\" srcset=\"https:\/\/www.modanaweb.com.br\/site\/wp-content\/uploads\/2020\/04\/Sem-t\u00edtulo-1-300x140.jpg 300w, https:\/\/www.modanaweb.com.br\/site\/wp-content\/uploads\/2020\/04\/Sem-t\u00edtulo-1.jpg 582w\" sizes=\"(max-width: 358px) 100vw, 358px\" \/><\/p>\n<h5><strong>Vestidos curtos com sobreposi\u00e7\u00f5es<\/strong><\/h5>\n<p>At\u00e9 o vestido mais b\u00e1sico pode se tornar o mais lindo do seu guarda roupa se for bem pensada. Uma cor forte e tons neutros trazem mais ousadia enquanto looks totalmente neutros mostram eleg\u00e2ncia. E lembre-se, quanto mais pe\u00e7as melhor!!!<\/p>\n<p><img decoding=\"async\" loading=\"lazy\" class=\"aligncenter wp-image-1679 size-medium\" src=\"https:\/\/modanaweb.com.br\/site\/wp-content\/uploads\/2020\/04\/Sem-t\u00edtulo-2-300x168.jpg\" alt=\"\" width=\"300\" height=\"168\" srcset=\"https:\/\/www.modanaweb.com.br\/site\/wp-content\/uploads\/2020\/04\/Sem-t\u00edtulo-2-300x168.jpg 300w, https:\/\/www.modanaweb.com.br\/site\/wp-content\/uploads\/2020\/04\/Sem-t\u00edtulo-2.jpg 488w\" sizes=\"(max-width: 300px) 100vw, 300px\" \/><\/p>\n<h5><strong>Vestidos de tric\u00f4<\/strong><\/h5>\n<p>Quentes por si s\u00f3, os vestidos de tric\u00f4 ficam muito bem combinadas com um casaco longo e botas assim como leggings e t\u00eanis. Se usados com meias cal\u00e7a, o look fica um pouco mais quentinho. E se quiser algo mais elegante, usar com uma botinha cano curto fica perfeito para dias nublados!<\/p>\n<p><img decoding=\"async\" loading=\"lazy\" class=\"aligncenter wp-image-1680 size-medium\" src=\"https:\/\/modanaweb.com.br\/site\/wp-content\/uploads\/2020\/04\/Sem-t\u00edtulo-3-300x152.jpg\" alt=\"Vestidos\" width=\"300\" height=\"152\" srcset=\"https:\/\/www.modanaweb.com.br\/site\/wp-content\/uploads\/2020\/04\/Sem-t\u00edtulo-3-300x152.jpg 300w, https:\/\/www.modanaweb.com.br\/site\/wp-content\/uploads\/2020\/04\/Sem-t\u00edtulo-3.jpg 510w\" sizes=\"(max-width: 300px) 100vw, 300px\" \/><\/p>\n<h5><strong>Vestido aberto com cal\u00e7a jeans<\/strong><\/h5>\n<p>Essa nova t\u00e1tica proporciona mais conforto para se movimentar. \u00c9 um estilo menos comum, podendo ser usado aberto pela metade, todo aberto ou apenas com uma fenda. Quem j\u00e1 lembrou a pe\u00e7a que vai usar nessa combina\u00e7\u00e3o m\u00e1gica?<\/p>\n<p><img decoding=\"async\" loading=\"lazy\" class=\"aligncenter wp-image-1681 size-medium\" src=\"https:\/\/modanaweb.com.br\/site\/wp-content\/uploads\/2020\/04\/Sem-t\u00edtulo-4-300x166.jpg\" alt=\"\" width=\"300\" height=\"166\" srcset=\"https:\/\/www.modanaweb.com.br\/site\/wp-content\/uploads\/2020\/04\/Sem-t\u00edtulo-4-300x166.jpg 300w, https:\/\/www.modanaweb.com.br\/site\/wp-content\/uploads\/2020\/04\/Sem-t\u00edtulo-4.jpg 540w\" sizes=\"(max-width: 300px) 100vw, 300px\" \/><\/p>\n<h5><strong>Sobreposi\u00e7\u00e3o como saia<\/strong><\/h5>\n<p>Esse modo de usar definitivamente \u00e9 o mais vers\u00e1til. Sendo assim, como podem observar nas imagens abaixo, \u00e9 poss\u00edvel voc\u00ea montar diferentes estilos dependo das pe\u00e7as que usar\u00e1. Amamos todos, qual foi o seu favorito?<\/p>\n<p><img decoding=\"async\" loading=\"lazy\" class=\"aligncenter wp-image-1682\" src=\"https:\/\/modanaweb.com.br\/site\/wp-content\/uploads\/2020\/04\/Sem-t\u00edtulo-5-300x121.jpg\" alt=\"vestidos\" width=\"367\" height=\"148\" srcset=\"https:\/\/www.modanaweb.com.br\/site\/wp-content\/uploads\/2020\/04\/Sem-t\u00edtulo-5-300x121.jpg 300w, https:\/\/www.modanaweb.com.br\/site\/wp-content\/uploads\/2020\/04\/Sem-t\u00edtulo-5-600x241.jpg 600w, https:\/\/www.modanaweb.com.br\/site\/wp-content\/uploads\/2020\/04\/Sem-t\u00edtulo-5.jpg 719w\" sizes=\"(max-width: 367px) 100vw, 367px\" \/><\/p>\n<p>Ent\u00e3o, depois de aprender tudo isso, n\u00e3o deixe de ver nossas pe\u00e7as refer\u00eancias da esta\u00e7\u00e3o na loja virtual de atacado da Moda Na Web:<br><strong><a href=\"https:\/\/www.modanaweb.com.br\/loja\/\">https:\/\/www.modanaweb.com.br\/loja\/<\/a><\/strong><\/p>\n<p><!-- \/wp:paragraph --><\/p>\t\t\t\t\t<\/div>\n\t\t\t\t\t\t<\/div>\n\t\t\t\t<\/div>\n\t\t\t\t\t\t<\/div>\n\t\t\t\t\t<\/div>\n\t\t<\/div>\n\t\t\t\t\t\t\t\t<\/div>\n\t\t\t\t\t<\/div>\n\t\t<\/section>\n\t\t\t\t\t\t<\/div>\n\t\t\t\t\t\t<\/div>\n\t\t\t\t\t<\/div>\n\t\t","protected":false},"excerpt":{"rendered":"<p>Voc\u00ea acha que vestidos tem muita utilidade? Ou s\u00e3o s\u00f3 mais uma pe\u00e7a principal que \u00e9  dif\u00edcil de usar pois s\u00e3o feitos para ocasi\u00f5es espec\u00edficas? Algumas pessoas diriam que \u201cusar vestido n\u00e3o faz o meu estilo\u201d; esse post foi criado para mudar esse pensamento! <\/p>\n","protected":false},"author":1,"featured_media":1691,"comment_status":"open","ping_status":"open","sticky":false,"template":"","format":"standard","meta":{"footnotes":""},"categories":[24,26,1,23],"tags":[97,112,107,108,109,110,95,111,106],"yoast_head":"<!-- This site is optimized with the Yoast SEO plugin v14.4.1 - https:\/\/yoast.com\/wordpress\/plugins\/seo\/ -->\n<title>Vestidos no inverno: saiba como fazer sobreposi\u00e7\u00f5es - Moda na Web<\/title>\n<meta name=\"description\" content=\"Seja no ver\u00e3o ou no inverno, os vestidos s\u00e3o pe\u00e7as vers\u00e1teis e confort\u00e1veis. Saiba como fazer combina\u00e7\u00f5es com vestidos no inverno e fique linda!\" \/>\n<meta name=\"robots\" content=\"index, follow\" \/>\n<meta name=\"googlebot\" content=\"index, follow, max-snippet:-1, max-image-preview:large, max-video-preview:-1\" \/>\n<meta name=\"bingbot\" content=\"index, follow, max-snippet:-1, max-image-preview:large, max-video-preview:-1\" \/>\n<link rel=\"canonical\" href=\"https:\/\/modanaweb.com.br\/site\/vestidos-no-inverno\/\" \/>\n<meta property=\"og:locale\" content=\"pt_BR\" \/>\n<meta property=\"og:type\" content=\"article\" \/>\n<meta property=\"og:title\" content=\"Vestidos no inverno: saiba como fazer sobreposi\u00e7\u00f5es - Moda na Web\" \/>\n<meta property=\"og:description\" content=\"Seja no ver\u00e3o ou no inverno, os vestidos s\u00e3o pe\u00e7as vers\u00e1teis e confort\u00e1veis. Saiba como fazer combina\u00e7\u00f5es com vestidos no inverno e fique linda!\" \/>\n<meta property=\"og:url\" content=\"https:\/\/modanaweb.com.br\/site\/vestidos-no-inverno\/\" \/>\n<meta property=\"og:site_name\" content=\"Moda Na Web\" \/>\n<meta property=\"article:publisher\" content=\"https:\/\/www.facebook.com\/Oficial.ModanaWeb\" \/>\n<meta property=\"article:published_time\" content=\"2020-04-04T02:43:29+00:00\" \/>\n<meta property=\"article:modified_time\" content=\"2020-06-30T19:27:09+00:00\" \/>\n<meta property=\"og:image\" content=\"https:\/\/www.modanaweb.com.br\/site\/wp-content\/uploads\/2020\/04\/Sem-t\u00edtulo-7.jpg\" \/>\n\t<meta property=\"og:image:width\" content=\"622\" \/>\n\t<meta property=\"og:image:height\" content=\"278\" \/>\n<meta name=\"twitter:card\" content=\"summary_large_image\" \/>\n<meta name=\"twitter:creator\" content=\"@modanaweb\" \/>\n<meta name=\"twitter:site\" content=\"@modanaweb\" \/>\n<script type=\"application\/ld+json\" class=\"yoast-schema-graph\">{\"@context\":\"https:\/\/schema.org\",\"@graph\":[{\"@type\":\"Organization\",\"@id\":\"https:\/\/www.modanaweb.com.br\/site\/#organization\",\"name\":\"Moda Na Web\",\"url\":\"https:\/\/www.modanaweb.com.br\/site\/\",\"sameAs\":[\"https:\/\/www.facebook.com\/Oficial.ModanaWeb\",\"https:\/\/www.instagram.com\/modanaweb\/\",\"https:\/\/www.youtube.com\/@ModaNaWebComercial\",\"https:\/\/br.pinterest.com\/modanaweb\/\",\"https:\/\/twitter.com\/modanaweb\"],\"logo\":{\"@type\":\"ImageObject\",\"@id\":\"https:\/\/www.modanaweb.com.br\/site\/#logo\",\"inLanguage\":\"pt-BR\",\"url\":\"https:\/\/www.modanaweb.com.br\/site\/wp-content\/uploads\/2023\/12\/LogoModaNaWeb130x27.png\",\"width\":201,\"height\":42,\"caption\":\"Moda Na Web\"},\"image\":{\"@id\":\"https:\/\/www.modanaweb.com.br\/site\/#logo\"}},{\"@type\":\"WebSite\",\"@id\":\"https:\/\/www.modanaweb.com.br\/site\/#website\",\"url\":\"https:\/\/www.modanaweb.com.br\/site\/\",\"name\":\"Moda Na Web\",\"description\":\"Roupas para revender - Saiba como comprar roupas no atacado online para revender direto da f\\u00e1brica.\",\"publisher\":{\"@id\":\"https:\/\/www.modanaweb.com.br\/site\/#organization\"},\"potentialAction\":[{\"@type\":\"SearchAction\",\"target\":\"https:\/\/www.modanaweb.com.br\/site\/?s={search_term_string}\",\"query-input\":\"required name=search_term_string\"}],\"inLanguage\":\"pt-BR\"},{\"@type\":\"ImageObject\",\"@id\":\"https:\/\/modanaweb.com.br\/site\/vestidos-no-inverno\/#primaryimage\",\"inLanguage\":\"pt-BR\",\"url\":\"https:\/\/www.modanaweb.com.br\/site\/wp-content\/uploads\/2020\/04\/Sem-t\\u00edtulo-7.jpg\",\"width\":622,\"height\":278,\"caption\":\"como comprar roupas para revender\"},{\"@type\":\"WebPage\",\"@id\":\"https:\/\/modanaweb.com.br\/site\/vestidos-no-inverno\/#webpage\",\"url\":\"https:\/\/modanaweb.com.br\/site\/vestidos-no-inverno\/\",\"name\":\"Vestidos no inverno: saiba como fazer sobreposi\\u00e7\\u00f5es - Moda na Web\",\"isPartOf\":{\"@id\":\"https:\/\/www.modanaweb.com.br\/site\/#website\"},\"primaryImageOfPage\":{\"@id\":\"https:\/\/modanaweb.com.br\/site\/vestidos-no-inverno\/#primaryimage\"},\"datePublished\":\"2020-04-04T02:43:29+00:00\",\"dateModified\":\"2020-06-30T19:27:09+00:00\",\"description\":\"Seja no ver\\u00e3o ou no inverno, os vestidos s\\u00e3o pe\\u00e7as vers\\u00e1teis e confort\\u00e1veis. Saiba como fazer combina\\u00e7\\u00f5es com vestidos no inverno e fique linda!\",\"inLanguage\":\"pt-BR\",\"potentialAction\":[{\"@type\":\"ReadAction\",\"target\":[\"https:\/\/modanaweb.com.br\/site\/vestidos-no-inverno\/\"]}]},{\"@type\":\"Article\",\"@id\":\"https:\/\/modanaweb.com.br\/site\/vestidos-no-inverno\/#article\",\"isPartOf\":{\"@id\":\"https:\/\/modanaweb.com.br\/site\/vestidos-no-inverno\/#webpage\"},\"author\":{\"@id\":\"https:\/\/www.modanaweb.com.br\/site\/#\/schema\/person\/16282d7de3ba15eccf228989260d684a\"},\"headline\":\"Vestidos no inverno: saiba como fazer sobreposi\\u00e7\\u00f5es\",\"datePublished\":\"2020-04-04T02:43:29+00:00\",\"dateModified\":\"2020-06-30T19:27:09+00:00\",\"commentCount\":0,\"mainEntityOfPage\":{\"@id\":\"https:\/\/modanaweb.com.br\/site\/vestidos-no-inverno\/#webpage\"},\"publisher\":{\"@id\":\"https:\/\/www.modanaweb.com.br\/site\/#organization\"},\"image\":{\"@id\":\"https:\/\/modanaweb.com.br\/site\/vestidos-no-inverno\/#primaryimage\"},\"keywords\":\"come\\u00e7ar um neg\\u00f3cio,comprar para revender,looks do dia,looks mais comerciais,o que vestir,que tipo de roupa vende mais,revender roupas,roupas para revender,tend\\u00eancias da moda\",\"articleSection\":\"Como Revender Roupas,Destaques na Moda,Montar Minha Loja,Tend\\u00eancias da Moda\",\"inLanguage\":\"pt-BR\",\"potentialAction\":[{\"@type\":\"CommentAction\",\"name\":\"Comment\",\"target\":[\"https:\/\/modanaweb.com.br\/site\/vestidos-no-inverno\/#respond\"]}]},{\"@type\":[\"Person\"],\"@id\":\"https:\/\/www.modanaweb.com.br\/site\/#\/schema\/person\/16282d7de3ba15eccf228989260d684a\",\"name\":\"admineoliveira\",\"image\":{\"@type\":\"ImageObject\",\"@id\":\"https:\/\/www.modanaweb.com.br\/site\/#personlogo\",\"inLanguage\":\"pt-BR\",\"url\":\"https:\/\/secure.gravatar.com\/avatar\/10e3c352b97207fd7af9992e26518a79?s=96&d=mm&r=g\",\"caption\":\"admineoliveira\"}}]}<\/script>\n<!-- \/ Yoast SEO plugin. -->","_links":{"self":[{"href":"https:\/\/www.modanaweb.com.br\/site\/wp-json\/wp\/v2\/posts\/1"}],"collection":[{"href":"https:\/\/www.modanaweb.com.br\/site\/wp-json\/wp\/v2\/posts"}],"about":[{"href":"https:\/\/www.modanaweb.com.br\/site\/wp-json\/wp\/v2\/types\/post"}],"author":[{"embeddable":true,"href":"https:\/\/www.modanaweb.com.br\/site\/wp-json\/wp\/v2\/users\/1"}],"replies":[{"embeddable":true,"href":"https:\/\/www.modanaweb.com.br\/site\/wp-json\/wp\/v2\/comments?post=1"}],"version-history":[{"count":14,"href":"https:\/\/www.modanaweb.com.br\/site\/wp-json\/wp\/v2\/posts\/1\/revisions"}],"predecessor-version":[{"id":2348,"href":"https:\/\/www.modanaweb.com.br\/site\/wp-json\/wp\/v2\/posts\/1\/revisions\/2348"}],"wp:featuredmedia":[{"embeddable":true,"href":"https:\/\/www.modanaweb.com.br\/site\/wp-json\/wp\/v2\/media\/1691"}],"wp:attachment":[{"href":"https:\/\/www.modanaweb.com.br\/site\/wp-json\/wp\/v2\/media?parent=1"}],"wp:term":[{"taxonomy":"category","embeddable":true,"href":"https:\/\/www.modanaweb.com.br\/site\/wp-json\/wp\/v2\/categories?post=1"},{"taxonomy":"post_tag","embeddable":true,"href":"https:\/\/www.modanaweb.com.br\/site\/wp-json\/wp\/v2\/tags?post=1"}],"curies":[{"name":"wp","href":"https:\/\/api.w.org\/{rel}","templated":true}]}}