{"id":1014,"date":"2019-03-02T07:01:22","date_gmt":"2019-03-02T10:01:22","guid":{"rendered":"http:\/\/demoapus-wp.com\/cityo\/place\/business-amazing-tricks-about\/"},"modified":"2020-07-10T15:00:26","modified_gmt":"2020-07-10T18:00:26","slug":"itens-de-viagem-que-nao-podem-faltar-na-sua-mala","status":"publish","type":"post","link":"https:\/\/www.modanaweb.com.br\/site\/itens-de-viagem-que-nao-podem-faltar-na-sua-mala\/","title":{"rendered":"Itens de viagem que n\u00e3o podem faltar na sua mala"},"content":{"rendered":"\t\t<div data-elementor-type=\"wp-post\" data-elementor-id=\"1014\" class=\"elementor elementor-1014\" data-elementor-settings=\"[]\">\n\t\t\t\t\t\t<div class=\"elementor-inner\">\n\t\t\t\t\t\t\t<div class=\"elementor-section-wrap\">\n\t\t\t\t\t\t\t<section class=\"elementor-section elementor-top-section elementor-element elementor-element-7d215c34 elementor-section-boxed elementor-section-height-default elementor-section-height-default\" data-id=\"7d215c34\" data-element_type=\"section\">\n\t\t\t\t\t\t<div class=\"elementor-container elementor-column-gap-default\">\n\t\t\t\t\t\t\t<div class=\"elementor-row\">\n\t\t\t\t\t<div class=\"elementor-column elementor-col-100 elementor-top-column elementor-element elementor-element-2198e34c\" data-id=\"2198e34c\" data-element_type=\"column\">\n\t\t\t<div class=\"elementor-column-wrap elementor-element-populated\">\n\t\t\t\t\t\t\t<div class=\"elementor-widget-wrap\">\n\t\t\t\t\t\t<div class=\"elementor-element elementor-element-e0820d5 elementor-widget elementor-widget-text-editor\" data-id=\"e0820d5\" data-element_type=\"widget\" data-widget_type=\"text-editor.default\">\n\t\t\t\t<div class=\"elementor-widget-container\">\n\t\t\t\t\t\t\t\t<div class=\"elementor-text-editor elementor-clearfix\">\n\t\t\t\t<div>Hoje vamos te levar para viajar, para onde voc\u00ea quer ir? N\u00e3o importa! Independente de onde for, h\u00e1 alguns itens de viagem que n\u00e3o podem faltar na sua mala, principalmente caso aconte\u00e7a algum imprevisto. Logo, n\u00f3s vamos te relembrar cada um deles com direito a dicas de organiza\u00e7\u00e3o.&nbsp;<\/div>\n<div>\n<h5><strong>Documentos<\/strong><\/h5>\n<h5><span style=\"font-weight: normal;\">N\u00e3o podemos dar mole, estar sem documento em um lugar que voc\u00ea n\u00e3o conhece, d\u00e1 em problema com certeza! Logo, a identidade com cpf, passaporte, comprovantes de estadia, carteirinha do plano&nbsp;de sa\u00fade e a carteira de motorista devem que estar com voc\u00ea sempre. Ent\u00e3o, deixe tudo juntinho em uma bolsinha e leve at\u00e9 embaixo do bra\u00e7o se for preciso, mas passar perrengue n\u00e3o pode!<\/span><\/h5>\n<h5><strong>Pe\u00e7as Chave<\/strong><\/h5>\n<h5><span style=\"font-weight: normal;\">O foco s\u00e3o pe\u00e7as vers\u00e1teis, ou seja, aquelas que encaixam em qualquer combina\u00e7\u00e3o e n\u00e3o precisa pensar muito na hora da pressa. Desse modo, separamos aqui algumas essenciais para sua mala.&nbsp;<\/span><\/h5>\n<\/div>\n<blockquote>\n<h5><span style=\"font-weight: normal;\">1- Jeans claro<\/span><\/h5>\n<h5><span style=\"font-weight: normal;\">2- Blusa b\u00e1sica branca<\/span><br><span style=\"font-weight: normal;\">3- Casaco robusto (bom para chuva ou apenas frio)<\/span><br><span style=\"font-weight: normal;\">4- \u00d3culos escuros (para dar um glamour, \u00f3bvio)<\/span><br><span style=\"font-weight: normal;\">5- T\u00eanis de cor neutra<\/span><br><span style=\"font-weight: normal;\">6- Pashmina (para quem n\u00e3o conhece, \u00e9 como uma manta leve em caso de mudan\u00e7a de tempo repentina)<\/span><\/h5>\n<p><img decoding=\"async\" loading=\"lazy\" class=\"alignnone wp-image-2433\" src=\"https:\/\/modanaweb.com.br\/site\/wp-content\/uploads\/2020\/07\/21166381205d15066b911950.30621539.1561658987_l-300x300.jpg\" alt=\"itens de viagem - camisa branca\" width=\"217\" height=\"217\" srcset=\"https:\/\/www.modanaweb.com.br\/site\/wp-content\/uploads\/2020\/07\/21166381205d15066b911950.30621539.1561658987_l-300x300.jpg 300w, https:\/\/www.modanaweb.com.br\/site\/wp-content\/uploads\/2020\/07\/21166381205d15066b911950.30621539.1561658987_l-1024x1024.jpg 1024w, https:\/\/www.modanaweb.com.br\/site\/wp-content\/uploads\/2020\/07\/21166381205d15066b911950.30621539.1561658987_l-150x150.jpg 150w, https:\/\/www.modanaweb.com.br\/site\/wp-content\/uploads\/2020\/07\/21166381205d15066b911950.30621539.1561658987_l-768x768.jpg 768w, https:\/\/www.modanaweb.com.br\/site\/wp-content\/uploads\/2020\/07\/21166381205d15066b911950.30621539.1561658987_l-600x600.jpg 600w, https:\/\/www.modanaweb.com.br\/site\/wp-content\/uploads\/2020\/07\/21166381205d15066b911950.30621539.1561658987_l-110x110.jpg 110w, https:\/\/www.modanaweb.com.br\/site\/wp-content\/uploads\/2020\/07\/21166381205d15066b911950.30621539.1561658987_l.jpg 1200w\" sizes=\"(max-width: 217px) 100vw, 217px\" \/><img decoding=\"async\" loading=\"lazy\" class=\"alignnone wp-image-2466\" src=\"https:\/\/modanaweb.com.br\/site\/wp-content\/uploads\/2020\/07\/614d08c609319a12f0b1d79b10aad471-300x300.jpg\" alt=\"t\u00eanis neutro - itens de viagem\" width=\"212\" height=\"212\" srcset=\"https:\/\/www.modanaweb.com.br\/site\/wp-content\/uploads\/2020\/07\/614d08c609319a12f0b1d79b10aad471-300x300.jpg 300w, https:\/\/www.modanaweb.com.br\/site\/wp-content\/uploads\/2020\/07\/614d08c609319a12f0b1d79b10aad471-150x150.jpg 150w, https:\/\/www.modanaweb.com.br\/site\/wp-content\/uploads\/2020\/07\/614d08c609319a12f0b1d79b10aad471-110x110.jpg 110w, https:\/\/www.modanaweb.com.br\/site\/wp-content\/uploads\/2020\/07\/614d08c609319a12f0b1d79b10aad471.jpg 564w\" sizes=\"(max-width: 212px) 100vw, 212px\" \/><\/p>\n<div><span style=\"font-weight: normal;\">&nbsp;<\/span><\/div>\n<\/blockquote>\n<div>\n<h5><strong>Produtos de beleza e cuidados<\/strong><\/h5>\n<h5><strong><br><\/strong><span style=\"font-weight: normal;\">Al\u00e9m disso, tem os produtos de beleza e cuidados para a gente n\u00e3o ter tempo ruim e continuarmos lindas e belas em todo lugar!<\/span><\/h5>\n<h5><span style=\"font-weight: normal;\">1- Pro<i>t<\/i>etor solar 2 em 1 (prote\u00e7\u00e3o e hidratante &#8211; aten\u00e7\u00e3o, gente, at\u00e9 morma\u00e7o queima!!)&nbsp;<\/span><\/h5>\n<h5><span style=\"font-weight: normal;\">2- \u00d3leo de argan (para dar um brilho nos cabelos)<\/span><\/h5>\n<h5><span style=\"font-weight: normal;\">3- Creme para pentear (e claro, o pente!)<\/span><\/h5>\n<h5><span style=\"font-weight: normal;\">4- Shampoo seco (ningu\u00e9m quer arriscar de ficar doente em tempo frio n\u00e9?)<\/span><\/h5>\n<h5><span style=\"font-weight: normal;\">6- Len\u00e7os umedecidos (para tirar a maquiagem e ficar com a pele limpinha)<\/span><\/h5>\n<h5><span style=\"font-weight: normal;\">7- Col\u00edrio (irrita\u00e7\u00e3o nos olhos quando se viaja \u00e9 bem comum, melhor prevenir)<\/span><\/h5>\n<h5><span style=\"font-weight: normal;\">8- Fashion Tape (s\u00e3o fitas dupla face para controlar decotes e fendas da roupa, passar vergonha n\u00e3o \u00e9 uma op\u00e7\u00e3o para mulheres preparadas!)<\/span><\/h5>\n<h5><span style=\"font-weight: normal;\">5- Perfume em miniatura.<\/span><\/h5>\n<div><span style=\"font-weight: normal;\"><img decoding=\"async\" loading=\"lazy\" class=\"alignnone wp-image-2467\" src=\"https:\/\/modanaweb.com.br\/site\/wp-content\/uploads\/2020\/07\/inoar-argan-oil-oleo-capilar-60ml-4076-6077365118348250071-300x300.jpg\" alt=\"\u00f3leo de argan\" width=\"229\" height=\"229\" srcset=\"https:\/\/www.modanaweb.com.br\/site\/wp-content\/uploads\/2020\/07\/inoar-argan-oil-oleo-capilar-60ml-4076-6077365118348250071-300x300.jpg 300w, https:\/\/www.modanaweb.com.br\/site\/wp-content\/uploads\/2020\/07\/inoar-argan-oil-oleo-capilar-60ml-4076-6077365118348250071-150x150.jpg 150w, https:\/\/www.modanaweb.com.br\/site\/wp-content\/uploads\/2020\/07\/inoar-argan-oil-oleo-capilar-60ml-4076-6077365118348250071-768x768.jpg 768w, https:\/\/www.modanaweb.com.br\/site\/wp-content\/uploads\/2020\/07\/inoar-argan-oil-oleo-capilar-60ml-4076-6077365118348250071-600x600.jpg 600w, https:\/\/www.modanaweb.com.br\/site\/wp-content\/uploads\/2020\/07\/inoar-argan-oil-oleo-capilar-60ml-4076-6077365118348250071-110x110.jpg 110w, https:\/\/www.modanaweb.com.br\/site\/wp-content\/uploads\/2020\/07\/inoar-argan-oil-oleo-capilar-60ml-4076-6077365118348250071.jpg 800w\" sizes=\"(max-width: 229px) 100vw, 229px\" \/> <img decoding=\"async\" loading=\"lazy\" class=\"alignnone wp-image-2468\" src=\"https:\/\/modanaweb.com.br\/site\/wp-content\/uploads\/2020\/07\/830560-15-300x300.jpg\" alt=\"shampoo seco\" width=\"209\" height=\"209\" srcset=\"https:\/\/www.modanaweb.com.br\/site\/wp-content\/uploads\/2020\/07\/830560-15-300x300.jpg 300w, https:\/\/www.modanaweb.com.br\/site\/wp-content\/uploads\/2020\/07\/830560-15-150x150.jpg 150w, https:\/\/www.modanaweb.com.br\/site\/wp-content\/uploads\/2020\/07\/830560-15-600x600.jpg 600w, https:\/\/www.modanaweb.com.br\/site\/wp-content\/uploads\/2020\/07\/830560-15-110x110.jpg 110w, https:\/\/www.modanaweb.com.br\/site\/wp-content\/uploads\/2020\/07\/830560-15.jpg 700w\" sizes=\"(max-width: 209px) 100vw, 209px\" \/><\/span><\/div>\n<\/div>\n<h5><strong>Dicas<\/strong><\/h5>\n<h5><strong><br><\/strong><span style=\"font-weight: normal;\">Al\u00e9m disto, vamos deixar algumas dicas extras para que sua mala fique perfeita. Vamos conferir?<\/span><\/h5>\n<h5><span style=\"font-weight: normal;\">Em primeiro lugar, evite levar l\u00edquidos, pois o risco de derramar e estragar suas roupas \u00e9 alto! Se for muito necess\u00e1rio, deixe todos guardadinhos em um saco pl\u00e1stico com lacre.<\/span><\/h5>\n<h5><span style=\"font-weight: normal;\">Separe tudo em necessaires ou saquinhos para n\u00e3o misturar e voc\u00ea saber onde est\u00e1 tudinho. Assim, na hora da arruma\u00e7\u00e3o para ir embora fica tudo mais f\u00e1cil!&nbsp;<\/span><\/h5>\n<h5><span style=\"font-weight: normal;\">Sempre tenha uma caneta com voc\u00ea. E se voc\u00ea ficar sem telefone? Imagine s\u00f3!<\/span><\/h5>\n<h5><span style=\"font-weight: normal;\">Tenha consigo rem\u00e9dios e \u00e1gua, um lanchinho tamb\u00e9m \u00e9 uma boa, mas o principal \u00e9 n\u00e3o passar mal no meio do passeio! Sendo assim, fique preparada com os rem\u00e9dios que voc\u00ea j\u00e1 est\u00e1 acostumada (por exemplo de dor de cabe\u00e7a e nariz entupido) e com aqueles para um imprevisto maior (como os de est\u00f4mago ou intestino)<\/span><\/h5>\n<h5><span style=\"font-weight: normal;\">Por fim, para os viciados em celular, um carregador port\u00e1til n\u00e3o pode faltar n\u00e9?!<\/span><\/h5>\n<div><span style=\"font-weight: normal;\">&nbsp;<\/span><\/div>\n<div><span style=\"font-weight: normal;\">Bom, viu s\u00f3 os itens de viagem que voc\u00ea n\u00e3o pode deixar de levar? Separe tudo para n\u00e3o passar sufoco e divirta-se!<\/span><\/div>\n<p>Leia mais de nossos textos com dicas de moda:<\/p>\n<p><a href=\"https:\/\/modanaweb.com.br\/site\/vestidos-no-inverno\/\">Vestidos no inverno: saiba como fazer sobreposi\u00e7\u00f5es<\/a><\/p>\t\t\t\t\t<\/div>\n\t\t\t\t\t\t<\/div>\n\t\t\t\t<\/div>\n\t\t\t\t\t\t<\/div>\n\t\t\t\t\t<\/div>\n\t\t<\/div>\n\t\t\t\t\t\t\t\t<\/div>\n\t\t\t\t\t<\/div>\n\t\t<\/section>\n\t\t\t\t\t\t<\/div>\n\t\t\t\t\t\t<\/div>\n\t\t\t\t\t<\/div>\n\t\t","protected":false},"excerpt":{"rendered":"<p>Hoje vamos te levar para viajar, para onde voc\u00ea quer ir? N\u00e3o importa! Independente de onde for, h\u00e1 algumas pe\u00e7as e objetos que n\u00e3o podem faltar na sua mala, principalmente caso aconte\u00e7a algum imprevisto e n\u00f3s vamos te relembrar cada um deles com direito a dicas de organiza\u00e7\u00e3o<\/p>\n","protected":false},"author":1,"featured_media":198,"comment_status":"open","ping_status":"open","sticky":false,"template":"","format":"standard","meta":{"footnotes":""},"categories":[26,23],"tags":[97,112,107,108,109,110,95,111,106],"yoast_head":"<!-- This site is optimized with the Yoast SEO plugin v14.4.1 - https:\/\/yoast.com\/wordpress\/plugins\/seo\/ -->\n<title>Itens de viagem que n\u00e3o podem faltar na sua mala - Moda Na Web<\/title>\n<meta name=\"description\" content=\"Vai viajar mas est\u00e1 com medo de esquecer alguma coisa? Confira algumas dicas dos itens de viagem que n\u00e3o podem faltar na sua mala.\" \/>\n<meta name=\"robots\" content=\"index, follow\" \/>\n<meta name=\"googlebot\" content=\"index, follow, max-snippet:-1, max-image-preview:large, max-video-preview:-1\" \/>\n<meta name=\"bingbot\" content=\"index, follow, max-snippet:-1, max-image-preview:large, max-video-preview:-1\" \/>\n<link rel=\"canonical\" href=\"https:\/\/modanaweb.com.br\/site\/itens-de-viagem-que-nao-podem-faltar-na-sua-mala\/\" \/>\n<meta property=\"og:locale\" content=\"pt_BR\" \/>\n<meta property=\"og:type\" content=\"article\" \/>\n<meta property=\"og:title\" content=\"Itens de viagem que n\u00e3o podem faltar na sua mala - Moda Na Web\" \/>\n<meta property=\"og:description\" content=\"Vai viajar mas est\u00e1 com medo de esquecer alguma coisa? Confira algumas dicas dos itens de viagem que n\u00e3o podem faltar na sua mala.\" \/>\n<meta property=\"og:url\" content=\"https:\/\/modanaweb.com.br\/site\/itens-de-viagem-que-nao-podem-faltar-na-sua-mala\/\" \/>\n<meta property=\"og:site_name\" content=\"Moda Na Web\" \/>\n<meta property=\"article:publisher\" content=\"https:\/\/www.facebook.com\/Oficial.ModanaWeb\" \/>\n<meta property=\"article:published_time\" content=\"2019-03-02T10:01:22+00:00\" \/>\n<meta property=\"article:modified_time\" content=\"2020-07-10T18:00:26+00:00\" \/>\n<meta property=\"og:image\" content=\"https:\/\/www.modanaweb.com.br\/site\/wp-content\/uploads\/2019\/03\/blog4.jpg\" \/>\n\t<meta property=\"og:image:width\" content=\"750\" \/>\n\t<meta property=\"og:image:height\" content=\"400\" \/>\n<meta name=\"twitter:card\" content=\"summary_large_image\" \/>\n<meta name=\"twitter:creator\" content=\"@modanaweb\" \/>\n<meta name=\"twitter:site\" content=\"@modanaweb\" \/>\n<script type=\"application\/ld+json\" class=\"yoast-schema-graph\">{\"@context\":\"https:\/\/schema.org\",\"@graph\":[{\"@type\":\"Organization\",\"@id\":\"https:\/\/www.modanaweb.com.br\/site\/#organization\",\"name\":\"Moda Na Web\",\"url\":\"https:\/\/www.modanaweb.com.br\/site\/\",\"sameAs\":[\"https:\/\/www.facebook.com\/Oficial.ModanaWeb\",\"https:\/\/www.instagram.com\/modanaweb\/\",\"https:\/\/www.youtube.com\/@ModaNaWebComercial\",\"https:\/\/br.pinterest.com\/modanaweb\/\",\"https:\/\/twitter.com\/modanaweb\"],\"logo\":{\"@type\":\"ImageObject\",\"@id\":\"https:\/\/www.modanaweb.com.br\/site\/#logo\",\"inLanguage\":\"pt-BR\",\"url\":\"https:\/\/www.modanaweb.com.br\/site\/wp-content\/uploads\/2023\/12\/LogoModaNaWeb130x27.png\",\"width\":201,\"height\":42,\"caption\":\"Moda Na Web\"},\"image\":{\"@id\":\"https:\/\/www.modanaweb.com.br\/site\/#logo\"}},{\"@type\":\"WebSite\",\"@id\":\"https:\/\/www.modanaweb.com.br\/site\/#website\",\"url\":\"https:\/\/www.modanaweb.com.br\/site\/\",\"name\":\"Moda Na Web\",\"description\":\"Roupas para revender - Saiba como comprar roupas no atacado online para revender direto da f\\u00e1brica.\",\"publisher\":{\"@id\":\"https:\/\/www.modanaweb.com.br\/site\/#organization\"},\"potentialAction\":[{\"@type\":\"SearchAction\",\"target\":\"https:\/\/www.modanaweb.com.br\/site\/?s={search_term_string}\",\"query-input\":\"required name=search_term_string\"}],\"inLanguage\":\"pt-BR\"},{\"@type\":\"ImageObject\",\"@id\":\"https:\/\/modanaweb.com.br\/site\/itens-de-viagem-que-nao-podem-faltar-na-sua-mala\/#primaryimage\",\"inLanguage\":\"pt-BR\",\"url\":\"https:\/\/www.modanaweb.com.br\/site\/wp-content\/uploads\/2019\/03\/blog4.jpg\",\"width\":750,\"height\":400,\"caption\":\"com direcionar as vendas\"},{\"@type\":\"WebPage\",\"@id\":\"https:\/\/modanaweb.com.br\/site\/itens-de-viagem-que-nao-podem-faltar-na-sua-mala\/#webpage\",\"url\":\"https:\/\/modanaweb.com.br\/site\/itens-de-viagem-que-nao-podem-faltar-na-sua-mala\/\",\"name\":\"Itens de viagem que n\\u00e3o podem faltar na sua mala - Moda Na Web\",\"isPartOf\":{\"@id\":\"https:\/\/www.modanaweb.com.br\/site\/#website\"},\"primaryImageOfPage\":{\"@id\":\"https:\/\/modanaweb.com.br\/site\/itens-de-viagem-que-nao-podem-faltar-na-sua-mala\/#primaryimage\"},\"datePublished\":\"2019-03-02T10:01:22+00:00\",\"dateModified\":\"2020-07-10T18:00:26+00:00\",\"description\":\"Vai viajar mas est\\u00e1 com medo de esquecer alguma coisa? Confira algumas dicas dos itens de viagem que n\\u00e3o podem faltar na sua mala.\",\"inLanguage\":\"pt-BR\",\"potentialAction\":[{\"@type\":\"ReadAction\",\"target\":[\"https:\/\/modanaweb.com.br\/site\/itens-de-viagem-que-nao-podem-faltar-na-sua-mala\/\"]}]},{\"@type\":\"Article\",\"@id\":\"https:\/\/modanaweb.com.br\/site\/itens-de-viagem-que-nao-podem-faltar-na-sua-mala\/#article\",\"isPartOf\":{\"@id\":\"https:\/\/modanaweb.com.br\/site\/itens-de-viagem-que-nao-podem-faltar-na-sua-mala\/#webpage\"},\"author\":{\"@id\":\"https:\/\/www.modanaweb.com.br\/site\/#\/schema\/person\/16282d7de3ba15eccf228989260d684a\"},\"headline\":\"Itens de viagem que n\\u00e3o podem faltar na sua mala\",\"datePublished\":\"2019-03-02T10:01:22+00:00\",\"dateModified\":\"2020-07-10T18:00:26+00:00\",\"commentCount\":0,\"mainEntityOfPage\":{\"@id\":\"https:\/\/modanaweb.com.br\/site\/itens-de-viagem-que-nao-podem-faltar-na-sua-mala\/#webpage\"},\"publisher\":{\"@id\":\"https:\/\/www.modanaweb.com.br\/site\/#organization\"},\"image\":{\"@id\":\"https:\/\/modanaweb.com.br\/site\/itens-de-viagem-que-nao-podem-faltar-na-sua-mala\/#primaryimage\"},\"keywords\":\"come\\u00e7ar um neg\\u00f3cio,comprar para revender,looks do dia,looks mais comerciais,o que vestir,que tipo de roupa vende mais,revender roupas,roupas para revender,tend\\u00eancias da moda\",\"articleSection\":\"Destaques na Moda,Tend\\u00eancias da Moda\",\"inLanguage\":\"pt-BR\",\"potentialAction\":[{\"@type\":\"CommentAction\",\"name\":\"Comment\",\"target\":[\"https:\/\/modanaweb.com.br\/site\/itens-de-viagem-que-nao-podem-faltar-na-sua-mala\/#respond\"]}]},{\"@type\":[\"Person\"],\"@id\":\"https:\/\/www.modanaweb.com.br\/site\/#\/schema\/person\/16282d7de3ba15eccf228989260d684a\",\"name\":\"admineoliveira\",\"image\":{\"@type\":\"ImageObject\",\"@id\":\"https:\/\/www.modanaweb.com.br\/site\/#personlogo\",\"inLanguage\":\"pt-BR\",\"url\":\"https:\/\/secure.gravatar.com\/avatar\/10e3c352b97207fd7af9992e26518a79?s=96&d=mm&r=g\",\"caption\":\"admineoliveira\"}}]}<\/script>\n<!-- \/ Yoast SEO plugin. -->","_links":{"self":[{"href":"https:\/\/www.modanaweb.com.br\/site\/wp-json\/wp\/v2\/posts\/1014"}],"collection":[{"href":"https:\/\/www.modanaweb.com.br\/site\/wp-json\/wp\/v2\/posts"}],"about":[{"href":"https:\/\/www.modanaweb.com.br\/site\/wp-json\/wp\/v2\/types\/post"}],"author":[{"embeddable":true,"href":"https:\/\/www.modanaweb.com.br\/site\/wp-json\/wp\/v2\/users\/1"}],"replies":[{"embeddable":true,"href":"https:\/\/www.modanaweb.com.br\/site\/wp-json\/wp\/v2\/comments?post=1014"}],"version-history":[{"count":22,"href":"https:\/\/www.modanaweb.com.br\/site\/wp-json\/wp\/v2\/posts\/1014\/revisions"}],"predecessor-version":[{"id":2481,"href":"https:\/\/www.modanaweb.com.br\/site\/wp-json\/wp\/v2\/posts\/1014\/revisions\/2481"}],"wp:featuredmedia":[{"embeddable":true,"href":"https:\/\/www.modanaweb.com.br\/site\/wp-json\/wp\/v2\/media\/198"}],"wp:attachment":[{"href":"https:\/\/www.modanaweb.com.br\/site\/wp-json\/wp\/v2\/media?parent=1014"}],"wp:term":[{"taxonomy":"category","embeddable":true,"href":"https:\/\/www.modanaweb.com.br\/site\/wp-json\/wp\/v2\/categories?post=1014"},{"taxonomy":"post_tag","embeddable":true,"href":"https:\/\/www.modanaweb.com.br\/site\/wp-json\/wp\/v2\/tags?post=1014"}],"curies":[{"name":"wp","href":"https:\/\/api.w.org\/{rel}","templated":true}]}}